{"id":2132,"date":"2023-03-13T20:19:57","date_gmt":"2023-03-13T19:19:57","guid":{"rendered":"https:\/\/xn--althrnliopenair-ctb.ch\/?p=2132"},"modified":"2025-02-17T15:24:28","modified_gmt":"2025-02-17T14:24:28","slug":"klaus-egger-trio","status":"publish","type":"post","link":"https:\/\/xn--althrnliopenair-ctb.ch\/index.php\/klaus-egger-trio\/2023\/03\/13\/","title":{"rendered":"b Klaus Egger Trio"},"content":{"rendered":"<div class=\"fusion-fullwidth fullwidth-box fusion-builder-row-1 fusion-flex-container nonhundred-percent-fullwidth non-hundred-percent-height-scrolling\" style=\"--awb-border-radius-top-left:0px;--awb-border-radius-top-right:0px;--awb-border-radius-bottom-right:0px;--awb-border-radius-bottom-left:0px;--awb-flex-wrap:wrap;\" ><div class=\"fusion-builder-row fusion-row fusion-flex-align-items-flex-start fusion-flex-content-wrap\" style=\"max-width:1144px;margin-left: calc(-4% \/ 2 );margin-right: calc(-4% \/ 2 );\"><div class=\"fusion-layout-column fusion_builder_column fusion-builder-column-0 fusion_builder_column_1_1 1_1 fusion-flex-column\" style=\"--awb-bg-size:cover;--awb-width-large:100%;--awb-margin-top-large:0px;--awb-spacing-right-large:1.92%;--awb-margin-bottom-large:0px;--awb-spacing-left-large:1.92%;--awb-width-medium:100%;--awb-spacing-right-medium:1.92%;--awb-spacing-left-medium:1.92%;--awb-width-small:100%;--awb-spacing-right-small:1.92%;--awb-spacing-left-small:1.92%;\"><div class=\"fusion-column-wrapper fusion-flex-justify-content-flex-start fusion-content-layout-column\"><div class=\"fusion-text fusion-text-1\"><h2 style=\"color: #93161f; font-family: 'Special Elite'; font-weight: 400; margin-top: 0px;\">Klaus Egger Trio<\/h2>\n<p>\u00abEin Hoch auf das simple Leben! Warum Spanisch lernen, wenn das sprachliche Chr\u00fcsim\u00fcsi wie ein aus der Feder Pizarros entsprungenes Loblied an das Leben klingt? Musik f\u00fcr die Jungen von gestern und die Alten von heute. Ein kulinarisches Gericht nach Klaus Egg\u2019scher Art.\u00bb<br \/>\nDie Band fand ihren Ursprung 2018 auf dem Hof Eichholz in Kempten ZH. Die regelm\u00e4ssigen Freiluftproben zwischen Gem\u00fcse- und Blumengarten erm\u00f6glichte den drei Musikanten schon bald ihren ersten Gig auf dem Hof Oberdorf in B\u00e4retswil. Dieses Konzert war der Katalysator, der den musikalischen Ehrgeiz, die Freude am Zusammenspiel und die aufgestaute Kreativit\u00e4t miteinander reagieren liess.<br \/>\nImmer wieder versetzen sie seither das gesamte Konzertpublikum in Tanzlaune. Unterschiedlich k\u00f6nnten die Veranstaltungen jedoch nicht sein. Ob an einem Jubil\u00e4umsfest im renommierten Sternenkeller R\u00fcti, in einem Grotto in Cevio im Vallemaggia, vor 500+ Zuschauer im Dynamo in Z\u00fcrich, auf der Alp Walop im Obersimmental oder ohne Schuhe in der Barfussbar in Z\u00fcrich. Kurz gesagt, das erste Konzert ohne Zugabe steht ihnen noch bevor.<\/p>\n<\/div><div ><a class=\"fusion-button button-flat button-medium button-custom fusion-button-default button-1 fusion-button-span-no fusion-animated fusion-has-button-gradient\" style=\"--button_accent_color:#ffffff;--button_accent_hover_color:#ffffff;--button_border_hover_color:#ffffff;--button_gradient_top_color:#93161f;--button_gradient_bottom_color:#5f0c21;--button_gradient_top_color_hover:#5f0c21;--button_gradient_bottom_color_hover:#93161f;\" data-animationType=\"fadeIn\" data-animationDuration=\"0.3\" data-animationOffset=\"top-into-view\" target=\"_blank\" rel=\"noopener noreferrer\" href=\"https:\/\/www.youtube.com\/watch?v=UVUtyFuT6bU\"><i class=\"fa-music fas awb-button__icon awb-button__icon--default button-icon-left\" aria-hidden=\"true\"><\/i><span class=\"fusion-button-text awb-button__text awb-button__text--default\">H\u00d6RPROBE<\/span><\/a><\/div><\/div><\/div><\/div><\/div>\n","protected":false},"excerpt":{"rendered":"","protected":false},"author":4,"featured_media":2133,"comment_status":"closed","ping_status":"closed","sticky":false,"template":"","format":"standard","meta":{"footnotes":""},"categories":[12],"tags":[],"class_list":["post-2132","post","type-post","status-publish","format-standard","has-post-thumbnail","hentry","category-line-up-fr-2023"],"_links":{"self":[{"href":"https:\/\/xn--althrnliopenair-ctb.ch\/index.php\/wp-json\/wp\/v2\/posts\/2132","targetHints":{"allow":["GET"]}}],"collection":[{"href":"https:\/\/xn--althrnliopenair-ctb.ch\/index.php\/wp-json\/wp\/v2\/posts"}],"about":[{"href":"https:\/\/xn--althrnliopenair-ctb.ch\/index.php\/wp-json\/wp\/v2\/types\/post"}],"author":[{"embeddable":true,"href":"https:\/\/xn--althrnliopenair-ctb.ch\/index.php\/wp-json\/wp\/v2\/users\/4"}],"replies":[{"embeddable":true,"href":"https:\/\/xn--althrnliopenair-ctb.ch\/index.php\/wp-json\/wp\/v2\/comments?post=2132"}],"version-history":[{"count":9,"href":"https:\/\/xn--althrnliopenair-ctb.ch\/index.php\/wp-json\/wp\/v2\/posts\/2132\/revisions"}],"predecessor-version":[{"id":2725,"href":"https:\/\/xn--althrnliopenair-ctb.ch\/index.php\/wp-json\/wp\/v2\/posts\/2132\/revisions\/2725"}],"wp:featuredmedia":[{"embeddable":true,"href":"https:\/\/xn--althrnliopenair-ctb.ch\/index.php\/wp-json\/wp\/v2\/media\/2133"}],"wp:attachment":[{"href":"https:\/\/xn--althrnliopenair-ctb.ch\/index.php\/wp-json\/wp\/v2\/media?parent=2132"}],"wp:term":[{"taxonomy":"category","embeddable":true,"href":"https:\/\/xn--althrnliopenair-ctb.ch\/index.php\/wp-json\/wp\/v2\/categories?post=2132"},{"taxonomy":"post_tag","embeddable":true,"href":"https:\/\/xn--althrnliopenair-ctb.ch\/index.php\/wp-json\/wp\/v2\/tags?post=2132"}],"curies":[{"name":"wp","href":"https:\/\/api.w.org\/{rel}","templated":true}]}}