{"id":2489,"date":"2024-03-18T15:40:25","date_gmt":"2024-03-18T14:40:25","guid":{"rendered":"https:\/\/xn--althrnliopenair-ctb.ch\/?p=2489"},"modified":"2025-08-04T17:38:35","modified_gmt":"2025-08-04T15:38:35","slug":"b-illegal-aliens","status":"publish","type":"post","link":"https:\/\/xn--althrnliopenair-ctb.ch\/index.php\/b-illegal-aliens\/2024\/03\/18\/","title":{"rendered":"b Illegal Aliens"},"content":{"rendered":"<div class=\"fusion-fullwidth fullwidth-box fusion-builder-row-1 fusion-flex-container nonhundred-percent-fullwidth non-hundred-percent-height-scrolling\" style=\"--awb-border-radius-top-left:0px;--awb-border-radius-top-right:0px;--awb-border-radius-bottom-right:0px;--awb-border-radius-bottom-left:0px;--awb-flex-wrap:wrap;\" ><div class=\"fusion-builder-row fusion-row fusion-flex-align-items-flex-start fusion-flex-content-wrap\" style=\"max-width:1144px;margin-left: calc(-4% \/ 2 );margin-right: calc(-4% \/ 2 );\"><div class=\"fusion-layout-column fusion_builder_column fusion-builder-column-0 fusion_builder_column_1_1 1_1 fusion-flex-column\" style=\"--awb-bg-size:cover;--awb-width-large:100%;--awb-margin-top-large:0px;--awb-spacing-right-large:1.92%;--awb-margin-bottom-large:0px;--awb-spacing-left-large:1.92%;--awb-width-medium:100%;--awb-spacing-right-medium:1.92%;--awb-spacing-left-medium:1.92%;--awb-width-small:100%;--awb-spacing-right-small:1.92%;--awb-spacing-left-small:1.92%;\"><div class=\"fusion-column-wrapper fusion-flex-justify-content-flex-start fusion-content-layout-column\"><div class=\"fusion-text fusion-text-1\"><h2 style=\"color: #93161f; font-family: 'Special Elite'; font-weight: 400; margin-top: 0px;\">Illegal Aliens<\/h2>\n<p>Illegal Aliens sind lokal verankert und trotzdem international gepr\u00e4gt. In ihnen steckt ganz viel<br \/>\nT\u00f6sstal, sie vereinen aber auch internationale Hintergr\u00fcnde, die von Amerika \u00fcber Syrien, Dubai<br \/>\nund sogar bis nach Australien reichen. Diese Heterogenit\u00e4t ist ihre St\u00e4rke und bildet den<br \/>\nGrundstein des Bandnamens &#8211; ihre DNA. Die vier Jungs verfolgen die Vision, mit ihrer Musik<br \/>\nBr\u00fccken zu bauen und alle m\u00f6glichen Leute zu vereinen.<br \/>\nSie singen dar\u00fcber, was sie und die Menschen um sie herum bewegt. Hinter jedem Song verbirgt<br \/>\nsich eine einzigartige Geschichte &#8211; von ungesunden Liebesbeziehungen und Herzschmerz \u00fcber<br \/>\nEinsamkeit bis hin zu Unterdr\u00fcckung und Trotz.<br \/>\nMusikalisch passt sich das Vier-Mann-Team den Themen an, sodass viele Ohren auf ihre Kosten<br \/>\nkommen. Ihre Klangpalette beinhaltet mehr als nur rockige Powersongs. Neben den energetischen<br \/>\nT\u00f6nen kreieren sie auch sanfte und intime Momente.<\/p>\n<\/div><div ><a class=\"fusion-button button-flat button-medium button-custom fusion-button-default button-1 fusion-button-span-no fusion-animated fusion-has-button-gradient\" style=\"--button_accent_color:#ffffff;--button_accent_hover_color:#ffffff;--button_border_hover_color:#ffffff;--button_gradient_top_color:#93161f;--button_gradient_bottom_color:#5f0c21;--button_gradient_top_color_hover:#5f0c21;--button_gradient_bottom_color_hover:#93161f;\" data-animationType=\"fadeIn\" data-animationDuration=\"0.3\" data-animationOffset=\"top-into-view\" target=\"_blank\" rel=\"noopener noreferrer\" href=\"https:\/\/www.youtube.com\/watch?v=Wg8rt9k_080\"><i class=\"fa-music fas awb-button__icon awb-button__icon--default button-icon-left\" aria-hidden=\"true\"><\/i><span class=\"fusion-button-text awb-button__text awb-button__text--default\">H\u00d6RPROBE<\/span><\/a><\/div><\/div><\/div><\/div><\/div>\n","protected":false},"excerpt":{"rendered":"","protected":false},"author":4,"featured_media":2490,"comment_status":"closed","ping_status":"closed","sticky":false,"template":"","format":"standard","meta":{"footnotes":""},"categories":[23],"tags":[],"class_list":["post-2489","post","type-post","status-publish","format-standard","has-post-thumbnail","hentry","category-line-up-so-2024"],"_links":{"self":[{"href":"https:\/\/xn--althrnliopenair-ctb.ch\/index.php\/wp-json\/wp\/v2\/posts\/2489","targetHints":{"allow":["GET"]}}],"collection":[{"href":"https:\/\/xn--althrnliopenair-ctb.ch\/index.php\/wp-json\/wp\/v2\/posts"}],"about":[{"href":"https:\/\/xn--althrnliopenair-ctb.ch\/index.php\/wp-json\/wp\/v2\/types\/post"}],"author":[{"embeddable":true,"href":"https:\/\/xn--althrnliopenair-ctb.ch\/index.php\/wp-json\/wp\/v2\/users\/4"}],"replies":[{"embeddable":true,"href":"https:\/\/xn--althrnliopenair-ctb.ch\/index.php\/wp-json\/wp\/v2\/comments?post=2489"}],"version-history":[{"count":3,"href":"https:\/\/xn--althrnliopenair-ctb.ch\/index.php\/wp-json\/wp\/v2\/posts\/2489\/revisions"}],"predecessor-version":[{"id":3024,"href":"https:\/\/xn--althrnliopenair-ctb.ch\/index.php\/wp-json\/wp\/v2\/posts\/2489\/revisions\/3024"}],"wp:featuredmedia":[{"embeddable":true,"href":"https:\/\/xn--althrnliopenair-ctb.ch\/index.php\/wp-json\/wp\/v2\/media\/2490"}],"wp:attachment":[{"href":"https:\/\/xn--althrnliopenair-ctb.ch\/index.php\/wp-json\/wp\/v2\/media?parent=2489"}],"wp:term":[{"taxonomy":"category","embeddable":true,"href":"https:\/\/xn--althrnliopenair-ctb.ch\/index.php\/wp-json\/wp\/v2\/categories?post=2489"},{"taxonomy":"post_tag","embeddable":true,"href":"https:\/\/xn--althrnliopenair-ctb.ch\/index.php\/wp-json\/wp\/v2\/tags?post=2489"}],"curies":[{"name":"wp","href":"https:\/\/api.w.org\/{rel}","templated":true}]}}